{"id":662,"date":"2022-04-07T09:04:58","date_gmt":"2022-04-07T09:04:58","guid":{"rendered":"https:\/\/www.kyhy.fi\/?p=662"},"modified":"2022-04-07T09:04:58","modified_gmt":"2022-04-07T09:04:58","slug":"kolmen-tunnin-kulttuurihyvinvointi-tapahtumat","status":"publish","type":"post","link":"https:\/\/www.kyhy.fi\/index.php\/2022\/04\/07\/kolmen-tunnin-kulttuurihyvinvointi-tapahtumat\/","title":{"rendered":"Kolmen tunnin kulttuurihyvinvointi! -tapahtumat"},"content":{"rendered":"\n<p>Taiteen ja kulttuurin vaikutukset hyvinvointiin tunnistetaan yh\u00e4 paremmin osana hyvinvoinnin ja terveyden edist\u00e4mist\u00e4 ja kokonaisvaltaista hyv\u00e4\u00e4 el\u00e4m\u00e4\u00e4. T\u00e4st\u00e4 ilmi\u00f6st\u00e4 on alettu viime vuosina k\u00e4ytt\u00e4\u00e4 k\u00e4sitett\u00e4 kulttuurihyvinvointi.<\/p>\n\n\n\n<p><br>Taikusyd\u00e4n on taiteen ja hyvinvoinnin valtakunnallinen yhteyspiste, jonka toiminta jalkautuu ymp\u00e4ri Suomea alueverkostojen avulla.<\/p>\n\n\n\n<p>Etel\u00e4-Karjalan ja Kymenlaakson alueverkostot j\u00e4rjest\u00e4v\u00e4t kolmen tunnin avoimet KULTTUURIHYVINVOINTITAPAHTUMAT perjantaina 22.4. klo 17-20 Etel\u00e4-Karjalassa Luum\u00e4ell\u00e4 ja lauantaina 23.4. klo 14-17 Kymenlaaksossa Kuusankoskella.<\/p>\n\n\n\n<p>Tapahtumat ovat avoimia kaikille kiinnostuneille. Vapaa p\u00e4\u00e4sy.<\/p>\n\n\n\n<p>Tapahtuman j\u00e4rjest\u00e4j\u00e4t: &nbsp;<\/p>\n\n\n\n<p><a href=\"https:\/\/www.facebook.com\/Kymenlaakson-hyvinvointia-kulttuurista-verkosto-1444771935609056\/?__cft__%5b0%5d=AZVQ5uqb11RmF5x4UYcajLqHpLxBeTD0VxLeaUmT2F0x2D1QtZxLN6NXMq2gwjKFru712oZnbL6E5GF_-FH199eucWlYfR5W5madUprFAShlqUaStWoQ97aZOu3Py0mUxxI&amp;__tn__=kK-R\">Kymenlaakson hyvinvointia kulttuurista -verkosto<\/a>, <a href=\"https:\/\/www.facebook.com\/groups\/1237603886438231\/?__cft__%5b0%5d=AZVQ5uqb11RmF5x4UYcajLqHpLxBeTD0VxLeaUmT2F0x2D1QtZxLN6NXMq2gwjKFru712oZnbL6E5GF_-FH199eucWlYfR5W5madUprFAShlqUaStWoQ97aZOu3Py0mUxxI&amp;__tn__=-UK-R\">Taikusyd\u00e4n Etel\u00e4-Karjala<\/a>, <a href=\"https:\/\/www.facebook.com\/creativekaiku\/?__cft__%5b0%5d=AZVQ5uqb11RmF5x4UYcajLqHpLxBeTD0VxLeaUmT2F0x2D1QtZxLN6NXMq2gwjKFru712oZnbL6E5GF_-FH199eucWlYfR5W5madUprFAShlqUaStWoQ97aZOu3Py0mUxxI&amp;__tn__=kK-R\">Kulttuuripalvelu Kaiku \/ CreativeKaiku Ky<\/a> ja <a href=\"https:\/\/www.facebook.com\/Luumaenkunta\/?__cft__%5b0%5d=AZVQ5uqb11RmF5x4UYcajLqHpLxBeTD0VxLeaUmT2F0x2D1QtZxLN6NXMq2gwjKFru712oZnbL6E5GF_-FH199eucWlYfR5W5madUprFAShlqUaStWoQ97aZOu3Py0mUxxI&amp;__tn__=kK-R\">Luum\u00e4en kunta<\/a><\/p>\n","protected":false},"excerpt":{"rendered":"<p>Taiteen ja kulttuurin vaikutukset hyvinvointiin tunnistetaan yh\u00e4 paremmin osana hyvinvoinnin ja terveyden edist\u00e4mist\u00e4 ja kokonaisvaltaista hyv\u00e4\u00e4 el\u00e4m\u00e4\u00e4. T\u00e4st\u00e4 ilmi\u00f6st\u00e4 on &hellip; <\/p>\n<p class=\"link-more\"><a href=\"https:\/\/www.kyhy.fi\/index.php\/2022\/04\/07\/kolmen-tunnin-kulttuurihyvinvointi-tapahtumat\/\" class=\"more-link\">Continue reading<span class=\"screen-reader-text\"> &#8221;Kolmen tunnin kulttuurihyvinvointi! -tapahtumat&#8221;<\/span><\/a><\/p>\n","protected":false},"author":2,"featured_media":0,"comment_status":"open","ping_status":"open","sticky":false,"template":"","format":"standard","meta":{"footnotes":""},"categories":[1],"tags":[],"_links":{"self":[{"href":"https:\/\/www.kyhy.fi\/index.php\/wp-json\/wp\/v2\/posts\/662"}],"collection":[{"href":"https:\/\/www.kyhy.fi\/index.php\/wp-json\/wp\/v2\/posts"}],"about":[{"href":"https:\/\/www.kyhy.fi\/index.php\/wp-json\/wp\/v2\/types\/post"}],"author":[{"embeddable":true,"href":"https:\/\/www.kyhy.fi\/index.php\/wp-json\/wp\/v2\/users\/2"}],"replies":[{"embeddable":true,"href":"https:\/\/www.kyhy.fi\/index.php\/wp-json\/wp\/v2\/comments?post=662"}],"version-history":[{"count":2,"href":"https:\/\/www.kyhy.fi\/index.php\/wp-json\/wp\/v2\/posts\/662\/revisions"}],"predecessor-version":[{"id":664,"href":"https:\/\/www.kyhy.fi\/index.php\/wp-json\/wp\/v2\/posts\/662\/revisions\/664"}],"wp:attachment":[{"href":"https:\/\/www.kyhy.fi\/index.php\/wp-json\/wp\/v2\/media?parent=662"}],"wp:term":[{"taxonomy":"category","embeddable":true,"href":"https:\/\/www.kyhy.fi\/index.php\/wp-json\/wp\/v2\/categories?post=662"},{"taxonomy":"post_tag","embeddable":true,"href":"https:\/\/www.kyhy.fi\/index.php\/wp-json\/wp\/v2\/tags?post=662"}],"curies":[{"name":"wp","href":"https:\/\/api.w.org\/{rel}","templated":true}]}}